{"id":415,"date":"2021-04-29T23:16:59","date_gmt":"2021-04-29T23:16:59","guid":{"rendered":"https:\/\/www.itsee.pl\/?p=415"},"modified":"2021-08-24T17:06:03","modified_gmt":"2021-08-24T17:06:03","slug":"zmiana-dvb-t-na-dvb-t2","status":"publish","type":"post","link":"https:\/\/www.itsee.pl\/?p=415","title":{"rendered":"Zmiana DVB-T na\u00a0DVB-T2"},"content":{"rendered":"<header class=\"entry-header\">\n<h1 class=\"entry-title\"><\/h1>\n<p><small>16 wrze\u015bnia 2020<\/small>\u00a0\u2022\u00a0<small><a href=\"https:\/\/telewizja-cyfrowa.com\/2020\/09\/zmiana-dvb-t-na-dvb-t2\/#comments\">33 komentarze<\/a><\/small><br \/>\n<\/header>\n<div id=\"articleContent\" class=\"entry-content\">\n<p><img loading=\"lazy\" decoding=\"async\" class=\"attachment-main size-main wp-post-image\" src=\"https:\/\/telewizja-cyfrowa.com\/wp-content\/uploads\/dvb-t2.jpg\" alt=\"DVB-T2\" width=\"220\" height=\"160\" \/>W\u00a0po\u0142owie 2022 roku system naziemnej telewizji cyfrowej w\u00a0Polsce zmieni si\u0119 z\u00a0systemu\u00a0<strong>DVB-T MPEG4<\/strong>\u00a0na\u00a0nowszy system\u00a0<strong>DVB-T2 HEVC<\/strong>. Zmiany emisji b\u0119d\u0105 przeprowadzane etapami od\u00a0marca do\u00a0czerwca 2022 roku.<\/p>\n<p><span id=\"more-4228\"><\/span>Od\u00a0ponad 10 lat w\u00a0Polsce korzystamy z\u00a0Naziemnej Telewizji Cyfrowej DVB-T. Pierwsze cyfrowe nadajniki zosta\u0142y uruchomione w\u00a02008 roku. Stopniowo emisja cyfrowa zast\u0119powa\u0142a emisj\u0119 analogow\u0105. W\u00a0lipcu 2013 roku\u00a0<a href=\"https:\/\/telewizja-cyfrowa.com\/2013\/07\/ostatni-etap-cyfryzacji\/\">wy\u0142\u0105czono ostatnie nadajniki analogowe<\/a>\u00a0i\u00a0zast\u0105piono je cyfrowymi.<\/p>\n<p>Zmiana przekazu umo\u017cliwi\u0142a zwi\u0119kszenie oferty programowej poniewa\u017c w\u00a0czasach \u201canalogu\u201d na\u00a0jednej cz\u0119stotliwo\u015bci mogli\u015bmy odbiera\u0107 jeden kana\u0142 telewizyjny. Dzi\u0119ki cyfryzacji na\u00a0jednej cz\u0119stotliwo\u015bci mo\u017cemy teraz odbiera\u0107 multipleks czyli \u201cpaczk\u0119\u201d nawet 8 kana\u0142\u00f3w. Da\u0142o to\u00a0mo\u017cliwo\u015bci dodania nowych program\u00f3w do\u00a0przekazu naziemnego i\u00a0zwi\u0119kszenie oferty nawet do\u00a030 kana\u0142\u00f3w dost\u0119pnych bez\u00a0dodatkowych op\u0142at.<\/p>\n<h2>Zmiana DVB-T na\u00a0DVB-T2 HEVC<\/h2>\n<p>Zmiany w\u00a0zagospodarowaniu cz\u0119stotliwo\u015bciami zwi\u0105zane min. z\u00a0wprowadzaniem systemu 5G wymusi\u0142y zaw\u0119\u017cenie pasma przeznaczonego na\u00a0nadawanie telewizji naziemnej. Standard\u00a0<strong>DVB-T2<\/strong>\u00a0jest bardziej efektywny ni\u017c\u00a0<strong>DVB-T<\/strong>. Nowszy system pozwoli nie\u00a0tylko\u00a0na\u00a0lepsze wykorzystanie pasma ale\u00a0r\u00f3wnie\u017c na\u00a0podniesienie jako\u015bci nadawanych kana\u0142\u00f3w z\u00a0SD do\u00a0HD.<\/p>\n<p>Proces zmiany systemu nadawania zosta\u0142 podzielony na\u00a0etapy tak\u00a0jak mia\u0142o to\u00a0miejsce w\u00a0przypadku zmiany telewizji analogowej na\u00a0cyfrow\u0105. Pierwsze prze\u0142\u0105czenie systemu nadawania b\u0119dzie mie\u0107 miejsce\u00a0<strong>28 marca 2022 roku<\/strong>, ostatnie 27 czerwca 2022 roku.<\/p>\n<figure class=\"wp-block-image size-large\"><img loading=\"lazy\" decoding=\"async\" class=\"wp-image-4231\" src=\"https:\/\/telewizja-cyfrowa.com\/wp-content\/uploads\/2020\/09\/DVB-T-na-DVB-T2.jpg\" sizes=\"auto, (max-width: 715px) 100vw, 715px\" srcset=\"https:\/\/telewizja-cyfrowa.com\/wp-content\/uploads\/2020\/09\/DVB-T-na-DVB-T2.jpg 715w, https:\/\/telewizja-cyfrowa.com\/wp-content\/uploads\/2020\/09\/DVB-T-na-DVB-T2-300x167.jpg 300w, https:\/\/telewizja-cyfrowa.com\/wp-content\/uploads\/2020\/09\/DVB-T-na-DVB-T2-600x333.jpg 600w, https:\/\/telewizja-cyfrowa.com\/wp-content\/uploads\/2020\/09\/DVB-T-na-DVB-T2-624x346.jpg 624w\" alt=\"Planowane terminy prze\u0142aczenia sygna\u0142u DVB-T na\u00a0DVB-T2 HEVC\" width=\"715\" height=\"397\" \/><\/figure>\n<p>Zmiana b\u0119dzie dotyczy\u0107 tylko\u00a0multipleks\u00f3w 1, 2, 3, 4 nadawanych w\u00a0pa\u015bmie UHF.\u00a0<strong>Multipleks 8<\/strong>\u00a0nadawany w\u00a0pa\u015bmie VHF pozostanie na\u00a0razie w\u00a0systemie\u00a0<strong>DVB-T<\/strong>, cho\u0107 nie\u00a0jest wykluczona r\u00f3wnie\u017c zmiana nadawania sygna\u0142u MUX 8 na\u00a0DVB-T2 w\u00a0przysz\u0142o\u015bci.<\/p>\n<h2>Testowe nadajniki DVB-T2<\/h2>\n<p>Nadawca sygna\u0142u firma Emitel ju\u017c teraz rozpocz\u0119\u0142a w\u0142\u0105czanie nadajnik\u00f3w testowych, kt\u00f3re umo\u017cliwiaj\u0105 zar\u00f3wno sprawdzenie zasi\u0119gu nadawanego sygna\u0142u jak i\u00a0zgodno\u015bci odbiornik\u00f3w telewidz\u00f3w.<\/p>\n<p>Pierwsze nadajniki testowe zosta\u0142y uruchomione w\u00a0poni\u017cszych lokalizacjach:<\/p>\n<p><strong>Krak\u00f3w<\/strong>\u00a0\/ Chor\u0105gwica \u2013 kana\u0142 27, cz\u0119stotliwo\u015b\u0107 522 MHz, moc 80 kW pol. H<br \/>\n<strong>Katowice<\/strong>\u00a0\/ Kosztowy \u2013 kana\u0142 27, cz\u0119stotliwo\u015b\u0107 522 MHz, moc 30 kW pol. H<br \/>\n<strong>Warszawa<\/strong>\u00a0\/ PKiN \u2013 kana\u0142 31, cz\u0119stotliwo\u015b\u0107 554 MHz, moc 3 kW pol. H<br \/>\n<strong>Pozna\u0144<\/strong>\u00a0\/ \u015arem kana\u0142 29, cz\u0119stotliwo\u015b\u0107 538 MHz, moc 40 kW pol. H<br \/>\n<strong>Gda\u0144sk<\/strong>\u00a0\/ Chwaszczyno kana\u0142 44, cz\u0119stotliwo\u015b\u0107 658 MHz, moc 100 kW pol. H<\/p>\n<p>Kolejne nadajniki testowe b\u0119d\u0105 pojawia\u0107 si\u0119 sukcesywnie i\u00a0powinny zasi\u0119giem obj\u0105\u0107 prawie ca\u0142y obszar Polski.<\/p>\n<figure class=\"wp-block-image size-large\"><img loading=\"lazy\" decoding=\"async\" class=\"wp-image-4356\" src=\"https:\/\/telewizja-cyfrowa.com\/wp-content\/uploads\/2020\/11\/sprawdz-zanim-kupisz-tc-1.jpg\" sizes=\"auto, (max-width: 712px) 100vw, 712px\" srcset=\"https:\/\/telewizja-cyfrowa.com\/wp-content\/uploads\/2020\/11\/sprawdz-zanim-kupisz-tc-1.jpg 712w, https:\/\/telewizja-cyfrowa.com\/wp-content\/uploads\/2020\/11\/sprawdz-zanim-kupisz-tc-1-300x156.jpg 300w, https:\/\/telewizja-cyfrowa.com\/wp-content\/uploads\/2020\/11\/sprawdz-zanim-kupisz-tc-1-600x312.jpg 600w, https:\/\/telewizja-cyfrowa.com\/wp-content\/uploads\/2020\/11\/sprawdz-zanim-kupisz-tc-1-624x324.jpg 624w\" alt=\"\" width=\"712\" height=\"370\" \/><figcaption>Nie\u00a0ka\u017cdy telewizor lub tuner oznaczony DVB-T2 posiada kodek HEVC niezb\u0119dny do\u00a0odbioru nowego standardu.<\/figcaption><\/figure>\n<h2>Jak odbiera\u0107 DVB-T2 HEVC<\/h2>\n<p>Do\u00a0odbioru sygna\u0142u DVB-T2 HEVC potrzebny jest telewizor z\u00a0wbudowanym tunerem DVB-T2 HEVC lub osobny\u00a0<a href=\"https:\/\/dvbsklep.pl\/tunery-dvb-t2-hevc\">tuner DVB-T2 HEVC<\/a>. Je\u017celi nie\u00a0jeste\u015bmy jeszcze w\u00a0zasi\u0119gu emisji sygna\u0142u nowego standardu i\u00a0nie\u00a0mamy mo\u017cliwo\u015bci przetestowania odbioru mo\u017cna sprawdzi\u0107 zgodno\u015b\u0107 sprz\u0119tu zagl\u0105daj\u0105c do\u00a0instrukcji odbiornika lub poszuka\u0107 jego dok\u0142adnej specyfikacji w\u00a0internecie np.\u00a0na\u00a0stronie producenta.<br \/>\n<strong>Sama informacja o\u00a0tym, \u017ce\u00a0odbiornik posiada tuner DVB-T2 nie\u00a0jest wystarczaj\u0105ca!<\/strong><br \/>\nStandard DVB-T2 oferuje r\u00f3\u017cne rodzaje kodowania obrazu i\u00a0d\u017awi\u0119ku \u2013 MPEG2, MPEG4 czy\u00a0HEVC. Nasz odbiornik musi by\u0107 kompatybilny zar\u00f3wno ze\u00a0standardem DVB-T2 jak i\u00a0systemem kodowania HEVC.<\/p>\n<figure class=\"wp-block-image size-large\"><img loading=\"lazy\" decoding=\"async\" class=\"wp-image-4232\" src=\"https:\/\/telewizja-cyfrowa.com\/wp-content\/uploads\/2020\/09\/kruger-matz-km0550-011.jpg\" sizes=\"auto, (max-width: 715px) 100vw, 715px\" srcset=\"https:\/\/telewizja-cyfrowa.com\/wp-content\/uploads\/2020\/09\/kruger-matz-km0550-011.jpg 715w, https:\/\/telewizja-cyfrowa.com\/wp-content\/uploads\/2020\/09\/kruger-matz-km0550-011-300x125.jpg 300w, https:\/\/telewizja-cyfrowa.com\/wp-content\/uploads\/2020\/09\/kruger-matz-km0550-011-600x249.jpg 600w, https:\/\/telewizja-cyfrowa.com\/wp-content\/uploads\/2020\/09\/kruger-matz-km0550-011-624x259.jpg 624w\" alt=\"Przyk\u0142adowy tuner DVB-T HEVC marki Kruger &amp; Matz\" width=\"715\" height=\"297\" \/><figcaption>Przyk\u0142adowy tuner DVB-T HEVC marki Kruger &amp; Matz<\/figcaption><\/figure>\n<h2>Jaka antena do\u00a0DVB-T2 HEVC<\/h2>\n<p>Sygna\u0142 DVB-T2 HEVC b\u0119dzie nadawany w\u00a0tym samym pa\u015bmie co DVB-T czyli pa\u015bmie UHF. Posiadana wi\u0119c\u00a0obecnie antena b\u0119dzie odbiera\u0107 sygna\u0142 DVB-T2 HEVC.<br \/>\n<strong>Nie\u00a0ma potrzeby zmiany anteny na\u00a0DVB-T2 HEVC.<\/strong><br \/>\n<a href=\"https:\/\/dvbsklep.pl\/anteny_dvbt.html\">Anteny naziemne<\/a>\u00a0odbieraj\u0105 sygna\u0142 z\u00a0danego pasma (cz\u0119stotliwo\u015bci) i\u00a0\u201cnie odr\u00f3\u017cniaj\u0105\u201d rodzaju odbieranego sygna\u0142u. St\u0105d te\u017c nawet anteny z\u00a0czas\u00f3w telewizji analogowej je\u017celi s\u0105 sprawne b\u0119d\u0105 odbiera\u0107 sygna\u0142 DVB-T2 HEVC.<\/p>\n<figure class=\"wp-block-image size-large\"><a href=\"https:\/\/dvbsklep.pl\/\" target=\"_blank\" rel=\"noopener noreferrer\"><img loading=\"lazy\" decoding=\"async\" class=\"wp-image-4133\" src=\"https:\/\/telewizja-cyfrowa.com\/wp-content\/uploads\/2020\/02\/dvbsklep-reklama-202002.jpg\" sizes=\"auto, (max-width: 713px) 100vw, 713px\" srcset=\"https:\/\/telewizja-cyfrowa.com\/wp-content\/uploads\/2020\/02\/dvbsklep-reklama-202002.jpg 713w, https:\/\/telewizja-cyfrowa.com\/wp-content\/uploads\/2020\/02\/dvbsklep-reklama-202002-300x75.jpg 300w, https:\/\/telewizja-cyfrowa.com\/wp-content\/uploads\/2020\/02\/dvbsklep-reklama-202002-600x150.jpg 600w, https:\/\/telewizja-cyfrowa.com\/wp-content\/uploads\/2020\/02\/dvbsklep-reklama-202002-624x156.jpg 624w\" alt=\"DVBsklep.pl\" width=\"713\" height=\"178\" \/><\/a><\/figure>\n<h4>Ten artyku\u0142 znaleziono w\u00a0wyszukiwarce Google m.in.\u00a0poprzez poni\u017csze frazy kluczowe:<\/h4>\n<ul>\n<li>dvb t 2<\/li>\n<li>dvb t a\u00a0dvb t2<\/li>\n<li>telewizja dvb t2<\/li>\n<li>dvb-t2 polska<\/li>\n<li>dvb-t2 czestotliwosc<\/li>\n<li>DVB-T TV W\u00a0POLSCE<\/li>\n<li>polska dvb-t kiedy<\/li>\n<li>jak przerobi\u0107 tuner dvbt na\u00a0dvbt 2<\/li>\n<li>https:\/\/telewizja-cyfrowa com\/2020\/09\/zmiana-dvb-t-na-dvb-t2\/<\/li>\n<li>dvbt dvbt2<\/li>\n<\/ul>\n<\/div>\n<div class=\"clear\"><\/div>\n<div class=\"single_share\">\n<h3 class=\"soc-title\">Spodoba\u0142 Ci si\u0119 wpis? Podziel si\u0119 nim ze znajomymi<\/h3>\n<p>\u017ar\u00f3d\u0142o pochodzi z strony https:\/\/telewizja-cyfrowa.com\/2020\/09\/zmiana-dvb-t-na-dvb-t2\/<\/p>\n<\/div>\n<p>&nbsp;<\/p>\n","protected":false},"excerpt":{"rendered":"<p>16 wrze\u015bnia 2020\u00a0\u2022\u00a033 komentarze W\u00a0po\u0142owie 2022 roku system naziemnej telewizji cyfrowej w\u00a0Polsce zmieni si\u0119 z\u00a0systemu\u00a0DVB-T MPEG4\u00a0na\u00a0nowszy system\u00a0DVB-T2 HEVC. Zmiany emisji b\u0119d\u0105 przeprowadzane etapami od\u00a0marca do\u00a0czerwca 2022 roku. Od\u00a0ponad 10 lat w\u00a0Polsce korzystamy z\u00a0Naziemnej Telewizji Cyfrowej DVB-T. Pierwsze cyfrowe nadajniki zosta\u0142y uruchomione w\u00a02008 roku. Stopniowo emisja cyfrowa zast\u0119powa\u0142a emisj\u0119 analogow\u0105. W\u00a0lipcu 2013 roku\u00a0wy\u0142\u0105czono ostatnie nadajniki analogowe\u00a0i\u00a0zast\u0105piono<\/p>\n","protected":false},"author":1,"featured_media":0,"comment_status":"open","ping_status":"open","sticky":false,"template":"","format":"standard","meta":{"h5ap_radio_sources":[],"footnotes":""},"categories":[1],"tags":[],"class_list":["post-415","post","type-post","status-publish","format-standard","hentry","category-uncategorized"],"_links":{"self":[{"href":"https:\/\/www.itsee.pl\/index.php?rest_route=\/wp\/v2\/posts\/415","targetHints":{"allow":["GET"]}}],"collection":[{"href":"https:\/\/www.itsee.pl\/index.php?rest_route=\/wp\/v2\/posts"}],"about":[{"href":"https:\/\/www.itsee.pl\/index.php?rest_route=\/wp\/v2\/types\/post"}],"author":[{"embeddable":true,"href":"https:\/\/www.itsee.pl\/index.php?rest_route=\/wp\/v2\/users\/1"}],"replies":[{"embeddable":true,"href":"https:\/\/www.itsee.pl\/index.php?rest_route=%2Fwp%2Fv2%2Fcomments&post=415"}],"version-history":[{"count":12,"href":"https:\/\/www.itsee.pl\/index.php?rest_route=\/wp\/v2\/posts\/415\/revisions"}],"predecessor-version":[{"id":443,"href":"https:\/\/www.itsee.pl\/index.php?rest_route=\/wp\/v2\/posts\/415\/revisions\/443"}],"wp:attachment":[{"href":"https:\/\/www.itsee.pl\/index.php?rest_route=%2Fwp%2Fv2%2Fmedia&parent=415"}],"wp:term":[{"taxonomy":"category","embeddable":true,"href":"https:\/\/www.itsee.pl\/index.php?rest_route=%2Fwp%2Fv2%2Fcategories&post=415"},{"taxonomy":"post_tag","embeddable":true,"href":"https:\/\/www.itsee.pl\/index.php?rest_route=%2Fwp%2Fv2%2Ftags&post=415"}],"curies":[{"name":"wp","href":"https:\/\/api.w.org\/{rel}","templated":true}]}}